{"id":"group","label":"Skupina \u003Ci class=\u0022fa fa-info-circle text-primary title-poradca cursor\u0022 title=\u0022<p><strong>\u017dubrienky<\/strong> - 3-ro\u010dné diev\u010datá a chlapci <br \/><strong>Šteniatka<\/strong> - 2018,2019,2020 chlapci <br \/><strong>Piráti<\/strong> - 2015,2016,2017 chlapci <br \/><strong>MiX 1<\/strong> - diev\u010datá a chlapci chlapci a diev\u010datá <br \/><strong>MiX 2<\/strong> - diev\u010datá a chlapci chlapci a diev\u010datá <br \/><strong>MiX 3<\/strong> - diev\u010datá a chlapci 2012,2013,2014<br \/><strong>Slnie\u010dka<\/strong> 2019 diev\u010datá <br \/><strong>Cukrí\u010dky<\/strong> 2020, 2021 diev\u010datá <br \/><strong>Hviezdi\u010dky<\/strong> 2014,2015,2016 diev\u010datá <\/p>\u0022\u003E\u003C\/i\u003E\n","data":[{"value":66,"preOpened":false,"disabled":false,"seasonId":5,"order":0,"content":"\u003Cspan\u003EHviezdi\u010dky 1.\/2015-2014-2013-2012 a star\u0161ie\/ UT-\u0160T\/17:30-19:00 \/\u003C\/span\u003E\u003Cspan class=\u0022fw-bold text-primary ms-2\u0022\u003E50,00 \u20ac\u003C\/span\u003E"},{"value":75,"preOpened":false,"disabled":false,"seasonId":5,"order":1,"content":"\u003Cspan\u003EHviezdi\u010dky 2.\/2016-2017\/UT-\u0160T\/17:30-19:00\u003C\/span\u003E\u003Cspan class=\u0022fw-bold text-primary ms-2\u0022\u003E50,00 \u20ac\u003C\/span\u003E"},{"value":76,"preOpened":false,"disabled":false,"seasonId":5,"order":2,"content":"\u003Cspan\u003EHviezdi\u010dky 3.\/2018-2019\/ UT-\u0160T\/17:30-19:00\u003C\/span\u003E\u003Cspan class=\u0022fw-bold text-primary ms-2\u0022\u003E50,00 \u20ac\u003C\/span\u003E"},{"value":68,"preOpened":false,"disabled":false,"seasonId":5,"order":3,"content":"\u003Cspan\u003EHviezdi\u010dky 4.\/2020-2021\/ PO-ST\/16:00-17:30\u003C\/span\u003E\u003Cspan class=\u0022fw-bold text-primary ms-2\u0022\u003E50,00 \u20ac\u003C\/span\u003E"},{"value":65,"preOpened":false,"disabled":false,"seasonId":5,"order":4,"content":"\u003Cspan\u003EHviezdi\u010dky C1.\/PO-ST-PI\/17:30-19:00\/\u003C\/span\u003E"},{"value":67,"preOpened":false,"disabled":false,"seasonId":5,"order":5,"content":"\u003Cspan\u003EHviezdi\u010dky C2.\/PO-ST-PI\/17:00-19:00\/\u003C\/span\u003E"},{"value":71,"preOpened":false,"disabled":false,"seasonId":5,"order":6,"content":"\u003Cspan\u003EIskri\u010dky 1.\/2015-2016\/ 14:30-18:30\u003C\/span\u003E"},{"value":69,"preOpened":false,"disabled":false,"seasonId":5,"order":7,"content":"\u003Cspan\u003EIskri\u010dky 2.\/2019-2020-2021\/ PO-UT-\u0160T-PI\/17:00-19:00\u003C\/span\u003E"},{"value":78,"preOpened":false,"disabled":false,"seasonId":5,"order":8,"content":"\u003Cspan\u003ENevybrali ste si\/Prihl\u00e1ste sa sem zavol\u00e1me\/Porad\u00edme skupinu, alebo vytvor\u00edme nov\u00fa :)\u003C\/span\u003E"},{"value":79,"preOpened":false,"disabled":false,"seasonId":5,"order":9,"content":"\u003Cspan\u003ENind\u017eovia\/2018 a star\u0161\u00ed\/ UT-\u0160T\/15:00-16:00\u003C\/span\u003E\u003Cspan class=\u0022fw-bold text-primary ms-2\u0022\u003E40,00 \u20ac\u003C\/span\u003E"},{"value":74,"preOpened":false,"disabled":false,"seasonId":5,"order":10,"content":"\u003Cspan\u003EPir\u00e1ti \/2019-2020-2021\/ UT-\u0160T\/16:00-17:30\u003C\/span\u003E\u003Cspan class=\u0022fw-bold text-primary ms-2\u0022\u003E50,00 \u20ac\u003C\/span\u003E"},{"value":77,"preOpened":false,"disabled":false,"seasonId":5,"order":11,"content":"\u003Cspan\u003ERodi\u010dia a deti 1-3 roky \/PIATOK 16: 30-17:30\/\u003C\/span\u003E\u003Cspan class=\u0022fw-bold text-primary ms-2\u0022\u003E35,00 \u20ac\u003C\/span\u003E"},{"value":70,"preOpened":false,"disabled":false,"seasonId":5,"order":12,"content":"\u003Cspan\u003ETarzani chlapci\/v\u00fdber\/UT-ST-\u0160T\/16:00-17:30 \u003C\/span\u003E"},{"value":72,"preOpened":false,"disabled":false,"seasonId":5,"order":13,"content":"\u003Cspan\u003E\u0160teniatka a Cukr\u00ed\u010dky 1.\/2022-2023\/PO-ST-16:30-17:30\/PI-16:30-17:30\/\u003C\/span\u003E\u003Cspan class=\u0022fw-bold text-primary ms-2\u0022\u003E50,00 \u20ac\u003C\/span\u003E"},{"value":73,"preOpened":false,"disabled":false,"seasonId":5,"order":14,"content":"\u003Cspan\u003E\u0160teniatka a Cukr\u00ed\u010dky 2.\/2022-2023\/ PO-ST-17:30-18:30\/PI-16:30-17:30\u003C\/span\u003E\u003Cspan class=\u0022fw-bold text-primary ms-2\u0022\u003E50,00 \u20ac\u003C\/span\u003E"}],"selectableIds":[65,66,67,68,69,70,71,72,73,74,75,76,77,78,79],"required":true,"fullSelectedPath":true,"selected":null}